{"id":1207,"date":"2025-05-08T14:15:43","date_gmt":"2025-05-08T12:15:43","guid":{"rendered":"https:\/\/www.emeraude-velo.fr\/?p=1207"},"modified":"2025-05-08T14:20:06","modified_gmt":"2025-05-08T12:20:06","slug":"un-cri-dalerte-pour-la-traversee-du-barrage-a-velo","status":"publish","type":"post","link":"https:\/\/www.emeraude-velo.fr\/index.php\/2025\/05\/08\/un-cri-dalerte-pour-la-traversee-du-barrage-a-velo\/","title":{"rendered":"Un cri d&rsquo;alerte pour la travers\u00e9e du barrage \u00e0 v\u00e9lo"},"content":{"rendered":"\n[et_pb_section fb_built=\u00a0\u00bb1&Prime; _builder_version=\u00a0\u00bb4.23.4&Prime; _module_preset=\u00a0\u00bbdefault\u00a0\u00bb global_colors_info=\u00a0\u00bb{}\u00a0\u00bb theme_builder_area=\u00a0\u00bbpost_content\u00a0\u00bb][et_pb_row _builder_version=\u00a0\u00bb4.23.4&Prime; _module_preset=\u00a0\u00bbdefault\u00a0\u00bb global_colors_info=\u00a0\u00bb{}\u00a0\u00bb theme_builder_area=\u00a0\u00bbpost_content\u00a0\u00bb][et_pb_column type=\u00a0\u00bb4_4&Prime; _builder_version=\u00a0\u00bb4.23.4&Prime; _module_preset=\u00a0\u00bbdefault\u00a0\u00bb global_colors_info=\u00a0\u00bb{}\u00a0\u00bb theme_builder_area=\u00a0\u00bbpost_content\u00a0\u00bb][et_pb_heading title=\u00a0\u00bbUn cri d&rsquo;alerte\u00a0\u00bb _builder_version=\u00a0\u00bb4.24.0&Prime; _module_preset=\u00a0\u00bbdefault\u00a0\u00bb title_font=\u00a0\u00bb||||||||\u00a0\u00bb title_text_color=\u00a0\u00bb#000000&Prime; background_color=\u00a0\u00bb#0DE1E5&Prime; use_background_color_gradient=\u00a0\u00bbon\u00a0\u00bb background_color_gradient_stops=\u00a0\u00bb#2b87da 48%|#29c4a9 71%\u00a0\u00bb background_enable_pattern_style=\u00a0\u00bbon\u00a0\u00bb background_pattern_style=\u00a0\u00bbzig-zag-2&Prime; background_pattern_color=\u00a0\u00bb#FFFFFF\u00a0\u00bb background_enable_mask_style=\u00a0\u00bbon\u00a0\u00bb background_mask_style=\u00a0\u00bbcorner-paint\u00a0\u00bb title_text_shadow_style=\u00a0\u00bbpreset1&Prime; title_text_shadow_blur_strength=\u00a0\u00bb0.12em\u00a0\u00bb title_text_shadow_color=\u00a0\u00bb#b7b7b7&Prime; text_shadow_style=\u00a0\u00bbpreset2&Prime; global_colors_info=\u00a0\u00bb{}\u00a0\u00bb theme_builder_area=\u00a0\u00bbpost_content\u00a0\u00bb][\/et_pb_heading][et_pb_divider divider_style=\u00a0\u00bbdashed\u00a0\u00bb _builder_version=\u00a0\u00bb4.23.4&Prime; _module_preset=\u00a0\u00bbdefault\u00a0\u00bb global_colors_info=\u00a0\u00bb{}\u00a0\u00bb theme_builder_area=\u00a0\u00bbpost_content\u00a0\u00bb][\/et_pb_divider][\/et_pb_column][\/et_pb_row][et_pb_row column_structure=\u00a0\u00bb1_4,3_4&Prime; _builder_version=\u00a0\u00bb4.24.0&Prime; _module_preset=\u00a0\u00bbdefault\u00a0\u00bb global_colors_info=\u00a0\u00bb{}\u00a0\u00bb theme_builder_area=\u00a0\u00bbpost_content\u00a0\u00bb][et_pb_column type=\u00a0\u00bb1_4&Prime; _builder_version=\u00a0\u00bb4.24.0&Prime; _module_preset=\u00a0\u00bbdefault\u00a0\u00bb global_colors_info=\u00a0\u00bb{}\u00a0\u00bb theme_builder_area=\u00a0\u00bbpost_content\u00a0\u00bb][et_pb_image src=\u00a0\u00bbhttps:\/\/www.emeraude-velo.fr\/wp-content\/uploads\/Capture-decran-2025-05-08-140625.png\u00a0\u00bb title_text=\u00a0\u00bbCapture d&rsquo;\u00e9cran 2025-05-08 140625&Prime; show_in_lightbox=\u00a0\u00bbon\u00a0\u00bb _builder_version=\u00a0\u00bb4.24.0&Prime; _module_preset=\u00a0\u00bbdefault\u00a0\u00bb transform_translate=\u00a0\u00bb0px|9px\u00a0\u00bb transform_translate_linked=\u00a0\u00bboff\u00a0\u00bb transform_origin=\u00a0\u00bb46%|0%\u00a0\u00bb animation_style=\u00a0\u00bbfade\u00a0\u00bb animation_duration=\u00a0\u00bb750ms\u00a0\u00bb hover_enabled=\u00a0\u00bb0&Prime; border_radii=\u00a0\u00bbon|25px|25px|25px|25px\u00a0\u00bb border_width_all=\u00a0\u00bb3px\u00a0\u00bb border_color_all=\u00a0\u00bb#0e9cf4&Prime; box_shadow_style=\u00a0\u00bbpreset2&Prime; box_shadow_blur=\u00a0\u00bb26px\u00a0\u00bb box_shadow_spread=\u00a0\u00bb7px\u00a0\u00bb global_colors_info=\u00a0\u00bb{}\u00a0\u00bb theme_builder_area=\u00a0\u00bbpost_content\u00a0\u00bb sticky_enabled=\u00a0\u00bb0&Prime;][\/et_pb_image][\/et_pb_column][et_pb_column type=\u00a0\u00bb3_4&Prime; _builder_version=\u00a0\u00bb4.24.0&Prime; _module_preset=\u00a0\u00bbdefault\u00a0\u00bb global_colors_info=\u00a0\u00bb{}\u00a0\u00bb theme_builder_area=\u00a0\u00bbpost_content\u00a0\u00bb][et_pb_blurb title=\u00a0\u00bbUne alerte aux \u00e9lus\u00a0\u00bb use_icon=\u00a0\u00bbon\u00a0\u00bb font_icon=\u00a0\u00bb&#x39;||divi||400&Prime; icon_placement=\u00a0\u00bbleft\u00a0\u00bb image_icon_width=\u00a0\u00bb32px\u00a0\u00bb content_max_width=\u00a0\u00bb885px\u00a0\u00bb _builder_version=\u00a0\u00bb4.24.0&Prime; _module_preset=\u00a0\u00bbdefault\u00a0\u00bb header_text_align=\u00a0\u00bbleft\u00a0\u00bb header_text_color=\u00a0\u00bb#0d84e0&Prime; body_font=\u00a0\u00bbABeeZee||||||||\u00a0\u00bb body_text_align=\u00a0\u00bbleft\u00a0\u00bb image_icon_custom_margin=\u00a0\u00bb-6px||-6px||true|false\u00a0\u00bb module_alignment=\u00a0\u00bbleft\u00a0\u00bb custom_margin=\u00a0\u00bb||-1px||false|false\u00a0\u00bb custom_padding=\u00a0\u00bb0px||0px||false|false\u00a0\u00bb hover_enabled=\u00a0\u00bb0&Prime; header_text_shadow_style=\u00a0\u00bbpreset3&Prime; border_radii_image=\u00a0\u00bbon|25px|25px|25px|25px\u00a0\u00bb global_colors_info=\u00a0\u00bb{}\u00a0\u00bb theme_builder_area=\u00a0\u00bbpost_content\u00a0\u00bb sticky_enabled=\u00a0\u00bb0&Prime;][\/et_pb_blurb][et_pb_text _builder_version=\u00a0\u00bb4.24.0&Prime; _module_preset=\u00a0\u00bbdefault\u00a0\u00bb hover_enabled=\u00a0\u00bb0&Prime; global_colors_info=\u00a0\u00bb{}\u00a0\u00bb theme_builder_area=\u00a0\u00bbpost_content\u00a0\u00bb sticky_enabled=\u00a0\u00bb0&Prime;]<div dir=\"auto\" style=\"text-align: justify;\"><span>Nous mettons en lumi\u00e8re le courrier que Fr\u00e9d\u00e9ric MELLET a adress\u00e9 au Conseil d\u00e9partemental (St\u00e9phane Lenfant et Schirel Lemonne), \u00e0 Saint-Malo Agglom\u00e9ration (Gilles Lurton), \u00e0 la CCCE (Delphine Briand et Pierre Contin), au sous-pr\u00e9fet de Saint-Malo (Philippe Brugnot) et \u00e0 l\u2019association \u00ab A V\u00e9lo Malo \u00bb (Jean-Pierre Rousseau).<\/span><\/div>\n<p style=\"text-align: justify;\">[\/et_pb_text][\/et_pb_column][\/et_pb_row][et_pb_row _builder_version=\u00a0\u00bb4.24.0&Prime; _module_preset=\u00a0\u00bbdefault\u00a0\u00bb theme_builder_area=\u00a0\u00bbpost_content\u00a0\u00bb][et_pb_column _builder_version=\u00a0\u00bb4.24.0&Prime; _module_preset=\u00a0\u00bbdefault\u00a0\u00bb type=\u00a0\u00bb4_4&Prime; theme_builder_area=\u00a0\u00bbpost_content\u00a0\u00bb][et_pb_blurb title=\u00a0\u00bbCourrier envoy\u00e9 aux \u00e9lus\u00a0\u00bb use_icon=\u00a0\u00bbon\u00a0\u00bb font_icon=\u00a0\u00bb&#x39;||divi||400&Prime; icon_placement=\u00a0\u00bbleft\u00a0\u00bb image_icon_width=\u00a0\u00bb32px\u00a0\u00bb content_max_width=\u00a0\u00bb885px\u00a0\u00bb _builder_version=\u00a0\u00bb4.24.0&Prime; _module_preset=\u00a0\u00bbdefault\u00a0\u00bb header_text_align=\u00a0\u00bbleft\u00a0\u00bb header_text_color=\u00a0\u00bb#0d84e0&Prime; body_font=\u00a0\u00bbABeeZee||||||||\u00a0\u00bb body_text_align=\u00a0\u00bbleft\u00a0\u00bb image_icon_custom_margin=\u00a0\u00bb-6px||-6px||true|false\u00a0\u00bb module_alignment=\u00a0\u00bbleft\u00a0\u00bb custom_margin=\u00a0\u00bb||-1px||false|false\u00a0\u00bb custom_padding=\u00a0\u00bb0px||0px||false|false\u00a0\u00bb hover_enabled=\u00a0\u00bb0&Prime; header_text_shadow_style=\u00a0\u00bbpreset3&Prime; border_radii_image=\u00a0\u00bbon|25px|25px|25px|25px\u00a0\u00bb global_colors_info=\u00a0\u00bb{}\u00a0\u00bb theme_builder_area=\u00a0\u00bbpost_content\u00a0\u00bb sticky_enabled=\u00a0\u00bb0&Prime;][\/et_pb_blurb][et_pb_text _builder_version=\u00a0\u00bb4.24.0&Prime; _module_preset=\u00a0\u00bbdefault\u00a0\u00bb hover_enabled=\u00a0\u00bb0&Prime; global_colors_info=\u00a0\u00bb{}\u00a0\u00bb theme_builder_area=\u00a0\u00bbpost_content\u00a0\u00bb sticky_enabled=\u00a0\u00bb0&Prime;]<div dir=\"auto\" style=\"text-align: justify;\">\n<p>Cycliste confirm\u00e9 et membre d\u2019une association pour la promotion des mobilit\u00e9s douces( DEV),je tiens \u00e0 vous faire part d\u2019une f\u00e2cheuse m\u00e9saventure qui m\u2019est arriv\u00e9e lors de la travers\u00e9e du barrage de la<br \/>rance.<br \/>Habitant Dinard, il m\u2019arrive assez fr\u00e9quemment de me rendre \u00e0 St Malo \u00e0 v\u00e9lo malgr\u00e9 la dangerosit\u00e9 de cet itin\u00e9raire.<br \/><strong>Vous avez mis en place un circuit \u00ab alternatif \u00ab \u00e9vitant le trafic routier de la d\u00e9partementale 168.<\/strong><br \/>Equip\u00e9 d\u2019un v\u00e9lo type Gravel ce jour-l\u00e0 , j\u2019ai emprunt\u00e9 cet itin\u00e9raire dans le sens Dinard\/ St Malo mercredi 30 avril en fin d\u2019apr\u00e8s-midi.<br \/>Arriv\u00e9 au niveau du barrage \u00e0 proprement parl\u00e9, j\u2019ai eu beaucoup de difficult\u00e9 \u00e0 tenir la trajectoire en restant sur les grilles rainur\u00e9es pr\u00e9sentes au sol en raison de la faible largeur de mes pneus.<br \/>Je me suis donc plac\u00e9 sur une des parties bitum\u00e9es, s\u00e9par\u00e9es par un rail et bord\u00e9es par le muret de protection en b\u00e9ton c\u00f4t\u00e9 mer.<br \/>En raison de la pr\u00e9sence de nids de poule et de l\u2019\u00e9troitesse du chemin de roulement,un l\u00e9ger d\u00e9s\u00e9quilibre m\u2019a d\u00e9port\u00e9 vers le muret.<br \/>Essayant de me r\u00e9tablir avec l\u2019aide de ma main gauche , ma cuisse gauche a commenc\u00e9 \u00e0 frotter contre le muret ainsi que le guidon pour enfin m\u2019arr\u00eater avec la roue en travers.<br \/>Bilan des d\u00e9g\u00e2ts : main gauche \u00e9corch\u00e9e, l\u00e9sion de 15 cm sur la cuisse gauche, cuissard d\u00e9chir\u00e9, guidon tordu, manettes de vitesses\/freins endommag\u00e9es et roue voil\u00e9e&#8230;et une belle frayeur.<\/p>\n<p>Je souhaitais \u00e0 travers ce retour vous faire part de mon \u00e9tonnement concernant la d\u00e9nomination employ\u00e9e pour cet itin\u00e9raire dit alternatif qui reste dangereux quant \u00e0 son rev\u00eatement, quasiment impraticable \u00e0 certains endroits en raison de la pente et des conditions m\u00e9t\u00e9os,sauf \u00e0 pratiquer du VTT.<br \/>Je croise r\u00e9guli\u00e8rement des cyclotouristes seuls ou en famille stup\u00e9faits des conditions rencontr\u00e9es et absolument pas pr\u00e9par\u00e9s \u00e0 pratiquer le v\u00e9lo dans de telles conditions.<\/p>\n<p>\u00c0 toutes fins utiles, je vous joins des photos et la facture de r\u00e9parations.<br \/>Dans l\u2019attente de vous lire.<br \/>Cordialement,<br \/>Fr\u00e9d\u00e9ric MELLET<\/p>\n<\/div>[\/et_pb_text][\/et_pb_column][\/et_pb_row][et_pb_row column_structure=\u00a0\u00bb1_2,1_2&Prime; _builder_version=\u00a0\u00bb4.24.0&Prime; _module_preset=\u00a0\u00bbdefault\u00a0\u00bb global_colors_info=\u00a0\u00bb{}\u00a0\u00bb theme_builder_area=\u00a0\u00bbpost_content\u00a0\u00bb][et_pb_column type=\u00a0\u00bb1_2&Prime; _builder_version=\u00a0\u00bb4.24.0&Prime; _module_preset=\u00a0\u00bbdefault\u00a0\u00bb global_colors_info=\u00a0\u00bb{}\u00a0\u00bb theme_builder_area=\u00a0\u00bbpost_content\u00a0\u00bb][et_pb_image src=\u00a0\u00bbhttps:\/\/www.emeraude-velo.fr\/wp-content\/uploads\/Capture-decran-2025-05-08-140625.png\u00a0\u00bb title_text=\u00a0\u00bbCapture d&rsquo;\u00e9cran 2025-05-08 140625&Prime; show_in_lightbox=\u00a0\u00bbon\u00a0\u00bb _builder_version=\u00a0\u00bb4.24.0&Prime; _module_preset=\u00a0\u00bbdefault\u00a0\u00bb transform_translate=\u00a0\u00bb0px|9px\u00a0\u00bb transform_translate_linked=\u00a0\u00bboff\u00a0\u00bb transform_origin=\u00a0\u00bb46%|0%\u00a0\u00bb animation_style=\u00a0\u00bbfade\u00a0\u00bb animation_duration=\u00a0\u00bb750ms\u00a0\u00bb hover_enabled=\u00a0\u00bb0&Prime; border_radii=\u00a0\u00bbon|25px|25px|25px|25px\u00a0\u00bb border_width_all=\u00a0\u00bb3px\u00a0\u00bb border_color_all=\u00a0\u00bb#0e9cf4&Prime; box_shadow_style=\u00a0\u00bbpreset2&Prime; box_shadow_blur=\u00a0\u00bb26px\u00a0\u00bb box_shadow_spread=\u00a0\u00bb7px\u00a0\u00bb global_colors_info=\u00a0\u00bb{}\u00a0\u00bb theme_builder_area=\u00a0\u00bbpost_content\u00a0\u00bb sticky_enabled=\u00a0\u00bb0&Prime;][\/et_pb_image][\/et_pb_column][et_pb_column type=\u00a0\u00bb1_2&Prime; _builder_version=\u00a0\u00bb4.24.0&Prime; _module_preset=\u00a0\u00bbdefault\u00a0\u00bb global_colors_info=\u00a0\u00bb{}\u00a0\u00bb theme_builder_area=\u00a0\u00bbpost_content\u00a0\u00bb][et_pb_image src=\u00a0\u00bbhttps:\/\/www.emeraude-velo.fr\/wp-content\/uploads\/Capture-decran-2025-05-08-140655.png\u00a0\u00bb title_text=\u00a0\u00bbCapture d&rsquo;\u00e9cran 2025-05-08 140655&Prime; show_in_lightbox=\u00a0\u00bbon\u00a0\u00bb _builder_version=\u00a0\u00bb4.24.0&Prime; _module_preset=\u00a0\u00bbdefault\u00a0\u00bb transform_translate=\u00a0\u00bb0px|9px\u00a0\u00bb transform_translate_linked=\u00a0\u00bboff\u00a0\u00bb transform_origin=\u00a0\u00bb46%|0%\u00a0\u00bb animation_style=\u00a0\u00bbfade\u00a0\u00bb animation_duration=\u00a0\u00bb750ms\u00a0\u00bb hover_enabled=\u00a0\u00bb0&Prime; border_radii=\u00a0\u00bbon|25px|25px|25px|25px\u00a0\u00bb border_width_all=\u00a0\u00bb3px\u00a0\u00bb border_color_all=\u00a0\u00bb#0e9cf4&Prime; box_shadow_style=\u00a0\u00bbpreset2&Prime; box_shadow_blur=\u00a0\u00bb26px\u00a0\u00bb box_shadow_spread=\u00a0\u00bb7px\u00a0\u00bb global_colors_info=\u00a0\u00bb{}\u00a0\u00bb theme_builder_area=\u00a0\u00bbpost_content\u00a0\u00bb sticky_enabled=\u00a0\u00bb0&Prime;][\/et_pb_image][\/et_pb_column][\/et_pb_row][\/et_pb_section]\n","protected":false},"excerpt":{"rendered":"<p>Nous mettons en lumi\u00e8re le courrier que Fr\u00e9d\u00e9ric MELLET a adress\u00e9 au Conseil d\u00e9partemental (St\u00e9phane Lenfant et Schirel Lemonne), \u00e0 Saint-Malo Agglom\u00e9ration (Gilles Lurton), \u00e0 la CCCE (Delphine Briand et Pierre Contin), au sous-pr\u00e9fet de Saint-Malo (Philippe Brugnot) et \u00e0 l\u2019association \u00ab A V\u00e9lo Malo \u00bb (Jean-Pierre Rousseau). Cycliste confirm\u00e9 et membre d\u2019une association pour [&hellip;]<\/p>\n","protected":false},"author":2,"featured_media":1205,"comment_status":"open","ping_status":"open","sticky":false,"template":"","format":"standard","meta":{"_et_pb_use_builder":"on","_et_pb_old_content":"","_et_gb_content_width":"1080","footnotes":""},"categories":[8],"tags":[],"class_list":["post-1207","post","type-post","status-publish","format-standard","has-post-thumbnail","hentry","category-securite-sante-surete"],"_links":{"self":[{"href":"https:\/\/www.emeraude-velo.fr\/index.php\/wp-json\/wp\/v2\/posts\/1207","targetHints":{"allow":["GET"]}}],"collection":[{"href":"https:\/\/www.emeraude-velo.fr\/index.php\/wp-json\/wp\/v2\/posts"}],"about":[{"href":"https:\/\/www.emeraude-velo.fr\/index.php\/wp-json\/wp\/v2\/types\/post"}],"author":[{"embeddable":true,"href":"https:\/\/www.emeraude-velo.fr\/index.php\/wp-json\/wp\/v2\/users\/2"}],"replies":[{"embeddable":true,"href":"https:\/\/www.emeraude-velo.fr\/index.php\/wp-json\/wp\/v2\/comments?post=1207"}],"version-history":[{"count":4,"href":"https:\/\/www.emeraude-velo.fr\/index.php\/wp-json\/wp\/v2\/posts\/1207\/revisions"}],"predecessor-version":[{"id":1212,"href":"https:\/\/www.emeraude-velo.fr\/index.php\/wp-json\/wp\/v2\/posts\/1207\/revisions\/1212"}],"wp:featuredmedia":[{"embeddable":true,"href":"https:\/\/www.emeraude-velo.fr\/index.php\/wp-json\/wp\/v2\/media\/1205"}],"wp:attachment":[{"href":"https:\/\/www.emeraude-velo.fr\/index.php\/wp-json\/wp\/v2\/media?parent=1207"}],"wp:term":[{"taxonomy":"category","embeddable":true,"href":"https:\/\/www.emeraude-velo.fr\/index.php\/wp-json\/wp\/v2\/categories?post=1207"},{"taxonomy":"post_tag","embeddable":true,"href":"https:\/\/www.emeraude-velo.fr\/index.php\/wp-json\/wp\/v2\/tags?post=1207"}],"curies":[{"name":"wp","href":"https:\/\/api.w.org\/{rel}","templated":true}]}}