{"id":157,"date":"2019-01-11T11:00:37","date_gmt":"2019-01-11T10:00:37","guid":{"rendered":"https:\/\/www.emeraude-velo.fr\/?p=258"},"modified":"2019-01-11T11:13:47","modified_gmt":"2019-01-11T10:13:47","slug":"compte-rendu-amenagements-cyclables-saint-enogat","status":"publish","type":"post","link":"https:\/\/www.emeraude-velo.fr\/index.php\/2019\/01\/11\/compte-rendu-amenagements-cyclables-saint-enogat\/","title":{"rendered":"Compte rendu am\u00e9nagements cyclables Saint-Enogat"},"content":{"rendered":"\r\n<p><em>Rien ne remplace une visite sur le terrain pour visualiser et \u00e9valuer\r\n ensemble la situation actuelle et envisager des propositions &nbsp;pour \r\nam\u00e9liorer les am\u00e9nagements cyclables. C\u2019est ce que nous avons mis en \r\npratique le 12 d\u00e9cembre dernier avec les \u00e9lus et techniciens en charge \r\ndes d\u00e9placements doux \u00e0 Dinard ainsi que l\u2019association \u00ab&nbsp;Dinard \r\nCyclotourisme&nbsp;\u00bb. A la suite de cette r\u00e9union sur le terrain, l\u2019offre de \r\nstationnement s\u00e9curis\u00e9 pour les cyclistes devant les commerces du \r\nquartier de Saint-Enogat devrait enfin voir le jour prochainement.<\/em><\/p>\r\n\r\n\r\n\r\n<div class=\"wp-block-file\"><a href=\"https:\/\/www.emeraude-velo.fr\/wp-content\/uploads\/2019\/01\/CR-r\u00e9union-12-d\u00e9c-2018.pdf\">CR r\u00e9union 12 d\u00e9c 2018<\/a><a href=\"https:\/\/www.emeraude-velo.fr\/wp-content\/uploads\/2019\/01\/CR-r\u00e9union-12-d\u00e9c-2018.pdf\" class=\"wp-block-file__button\" download>T\u00e9l\u00e9charger<\/a><\/div>\r\n\r\n\r\n\r\n<div class=\"wp-block-file\"><a href=\"https:\/\/www.emeraude-velo.fr\/wp-content\/uploads\/2019\/01\/figures-visite-terrain.pdf\">Figures de la visite du terrain<\/a><a href=\"https:\/\/www.emeraude-velo.fr\/wp-content\/uploads\/2019\/01\/figures-visite-terrain.pdf\" class=\"wp-block-file__button\" download>T\u00e9l\u00e9charger<\/a><\/div>\r\n\r\n\r\n\r\n<p><\/p>\r\n","protected":false},"excerpt":{"rendered":"<p>Rien ne remplace une visite sur le terrain pour visualiser et \u00e9valuer ensemble la situation actuelle et envisager des propositions &nbsp;pour am\u00e9liorer les am\u00e9nagements cyclables. C\u2019est ce que nous avons mis en pratique le 12 d\u00e9cembre dernier avec les \u00e9lus et techniciens en charge des d\u00e9placements doux \u00e0 Dinard ainsi que l\u2019association \u00ab&nbsp;Dinard Cyclotourisme&nbsp;\u00bb. A [&hellip;]<\/p>\n","protected":false},"author":3,"featured_media":0,"comment_status":"open","ping_status":"open","sticky":false,"template":"","format":"standard","meta":{"_et_pb_use_builder":"","_et_pb_old_content":"","_et_gb_content_width":"","footnotes":""},"categories":[],"tags":[],"class_list":["post-157","post","type-post","status-publish","format-standard","hentry"],"_links":{"self":[{"href":"https:\/\/www.emeraude-velo.fr\/index.php\/wp-json\/wp\/v2\/posts\/157","targetHints":{"allow":["GET"]}}],"collection":[{"href":"https:\/\/www.emeraude-velo.fr\/index.php\/wp-json\/wp\/v2\/posts"}],"about":[{"href":"https:\/\/www.emeraude-velo.fr\/index.php\/wp-json\/wp\/v2\/types\/post"}],"author":[{"embeddable":true,"href":"https:\/\/www.emeraude-velo.fr\/index.php\/wp-json\/wp\/v2\/users\/3"}],"replies":[{"embeddable":true,"href":"https:\/\/www.emeraude-velo.fr\/index.php\/wp-json\/wp\/v2\/comments?post=157"}],"version-history":[{"count":0,"href":"https:\/\/www.emeraude-velo.fr\/index.php\/wp-json\/wp\/v2\/posts\/157\/revisions"}],"wp:attachment":[{"href":"https:\/\/www.emeraude-velo.fr\/index.php\/wp-json\/wp\/v2\/media?parent=157"}],"wp:term":[{"taxonomy":"category","embeddable":true,"href":"https:\/\/www.emeraude-velo.fr\/index.php\/wp-json\/wp\/v2\/categories?post=157"},{"taxonomy":"post_tag","embeddable":true,"href":"https:\/\/www.emeraude-velo.fr\/index.php\/wp-json\/wp\/v2\/tags?post=157"}],"curies":[{"name":"wp","href":"https:\/\/api.w.org\/{rel}","templated":true}]}}