{"id":161,"date":"2019-01-27T18:54:24","date_gmt":"2019-01-27T17:54:24","guid":{"rendered":"https:\/\/www.emeraude-velo.fr\/?p=264"},"modified":"2019-01-27T18:54:24","modified_gmt":"2019-01-27T17:54:24","slug":"petition-reclamant-des-amenagements-cyclables-securises-sur-le-trajet-saint-malo-dinard-par-le-barrage-de-la-rance","status":"publish","type":"post","link":"https:\/\/www.emeraude-velo.fr\/index.php\/2019\/01\/27\/petition-reclamant-des-amenagements-cyclables-securises-sur-le-trajet-saint-malo-dinard-par-le-barrage-de-la-rance\/","title":{"rendered":"P\u00e9tition r\u00e9clamant des am\u00e9nagements cyclables s\u00e9curis\u00e9s sur le trajet Saint-Malo \u2013 Dinard par le barrage de la Rance."},"content":{"rendered":"\r\n<p><em>Franchir le barrage de la Rance \u00e0 v\u00e9lo pour relier Saint-Malo \u00e0  Dinard rel\u00e8ve de l\u2019exploit ou de l\u2019inconscience\u00a0! Afin d\u2019y rem\u00e9dier, un  cycliste de Saint-Malo, agissant \u00e0 titre personnel, a lanc\u00e9 le 10  janvier une p\u00e9tition r\u00e9clamant l\u2019am\u00e9nagement d\u2019une voie cyclable  s\u00e9curis\u00e9e entre les centres des deux villes. Afin d\u2019acc\u00e9l\u00e9rer la mise en  \u0153uvre de ces am\u00e9nagements cyclables, les trois associations d\u2019usagers  de la bicyclette concern\u00e9es par cet itin\u00e9raire\u00a0(\u00ab\u00a0A V\u00e9lo Malo\u00a0\u00bb,  \u00ab\u00a0Liaisons douces en pays de Dinan\u00a0\u00bb et \u00ab\u00a0Dinard Emeraude \u00e0 V\u00e9lo\u00a0\u00bb)  appellent \u00e0 signer cette p\u00e9tition et s\u2019engagent \u00e0 porter cette p\u00e9tition  au Conseil D\u00e9partemental et aux deux Communaut\u00e9s de Communes concern\u00e9es.  A titre d\u2019information, 690 personnes avaient sign\u00e9 cette p\u00e9tition le  vendredi 25 janvier 2019 \u00e0 22h.<\/em><\/p>\r\n\r\n\r\n\r\n<div class=\"wp-block-file\"><a href=\"https:\/\/www.emeraude-velo.fr\/wp-content\/uploads\/2019\/01\/P\u00e9tition-pour-une-voie-cyclable-sur-le-barrage-de-la-Rance.docx\">P\u00e9tition pour une voie cyclable sur le barrage de la Rance<\/a><a href=\"https:\/\/www.emeraude-velo.fr\/wp-content\/uploads\/2019\/01\/P\u00e9tition-pour-une-voie-cyclable-sur-le-barrage-de-la-Rance.docx\" class=\"wp-block-file__button\" download>T\u00e9l\u00e9charger<\/a><\/div>\r\n\r\n\r\n\r\n<div class=\"wp-block-file\"><a href=\"https:\/\/www.emeraude-velo.fr\/wp-content\/uploads\/2019\/01\/proposition-Rance-Est.pdf\">Proposition Rance Est<\/a><a href=\"https:\/\/www.emeraude-velo.fr\/wp-content\/uploads\/2019\/01\/proposition-Rance-Est.pdf\" class=\"wp-block-file__button\" download>T\u00e9l\u00e9charger<\/a><\/div>\r\n\r\n\r\n\r\n<p> <a href=\"https:\/\/www.change.org\/p\/mm-les-maires-de-st-malo-et-dinard-des-alternatives-%C3%A0-la-voiture-entre-st-malo-et-dinard-808af23e-d429-4a2e-994b-e7ba91b4f7dd\">Je choisis de soutenir le projet en signant la p\u00e9tition<\/a><\/p>\r\n\r\n\r\n\r\n<p><\/p>\r\n","protected":false},"excerpt":{"rendered":"<p>Franchir le barrage de la Rance \u00e0 v\u00e9lo pour relier Saint-Malo \u00e0 Dinard rel\u00e8ve de l\u2019exploit ou de l\u2019inconscience\u00a0! Afin d\u2019y rem\u00e9dier, un cycliste de Saint-Malo, agissant \u00e0 titre personnel, a lanc\u00e9 le 10 janvier une p\u00e9tition r\u00e9clamant l\u2019am\u00e9nagement d\u2019une voie cyclable s\u00e9curis\u00e9e entre les centres des deux villes. Afin d\u2019acc\u00e9l\u00e9rer la mise en \u0153uvre [&hellip;]<\/p>\n","protected":false},"author":3,"featured_media":0,"comment_status":"open","ping_status":"open","sticky":false,"template":"","format":"standard","meta":{"_et_pb_use_builder":"","_et_pb_old_content":"","_et_gb_content_width":"","footnotes":""},"categories":[],"tags":[],"class_list":["post-161","post","type-post","status-publish","format-standard","hentry"],"_links":{"self":[{"href":"https:\/\/www.emeraude-velo.fr\/index.php\/wp-json\/wp\/v2\/posts\/161","targetHints":{"allow":["GET"]}}],"collection":[{"href":"https:\/\/www.emeraude-velo.fr\/index.php\/wp-json\/wp\/v2\/posts"}],"about":[{"href":"https:\/\/www.emeraude-velo.fr\/index.php\/wp-json\/wp\/v2\/types\/post"}],"author":[{"embeddable":true,"href":"https:\/\/www.emeraude-velo.fr\/index.php\/wp-json\/wp\/v2\/users\/3"}],"replies":[{"embeddable":true,"href":"https:\/\/www.emeraude-velo.fr\/index.php\/wp-json\/wp\/v2\/comments?post=161"}],"version-history":[{"count":0,"href":"https:\/\/www.emeraude-velo.fr\/index.php\/wp-json\/wp\/v2\/posts\/161\/revisions"}],"wp:attachment":[{"href":"https:\/\/www.emeraude-velo.fr\/index.php\/wp-json\/wp\/v2\/media?parent=161"}],"wp:term":[{"taxonomy":"category","embeddable":true,"href":"https:\/\/www.emeraude-velo.fr\/index.php\/wp-json\/wp\/v2\/categories?post=161"},{"taxonomy":"post_tag","embeddable":true,"href":"https:\/\/www.emeraude-velo.fr\/index.php\/wp-json\/wp\/v2\/tags?post=161"}],"curies":[{"name":"wp","href":"https:\/\/api.w.org\/{rel}","templated":true}]}}