{"id":195,"date":"2020-02-16T12:17:25","date_gmt":"2020-02-16T11:17:25","guid":{"rendered":"https:\/\/www.emeraude-velo.fr\/?p=321"},"modified":"2020-02-22T13:45:21","modified_gmt":"2020-02-22T12:45:21","slug":"chartes-velo-a-lattention-des-communes-de-la-communaute-de-commune-de-la-cote-demeraude","status":"publish","type":"post","link":"https:\/\/www.emeraude-velo.fr\/index.php\/2020\/02\/16\/chartes-velo-a-lattention-des-communes-de-la-communaute-de-commune-de-la-cote-demeraude\/","title":{"rendered":"Chartes v\u00e9lo \u00e0 l\u2019attention des communes de La communaut\u00e9 de commune de la C\u00f4te d&rsquo;Emeraude"},"content":{"rendered":"\r\n<div class=\"wp-block-file\"><a href=\"https:\/\/www.emeraude-velo.fr\/wp-content\/uploads\/2020\/02\/Beaussais-sur-Mer-Charte-V\u00e9lo.pdf\">Beaussais-sur-Mer &#8211; Charte V\u00e9lo<\/a><a href=\"https:\/\/www.emeraude-velo.fr\/wp-content\/uploads\/2020\/02\/Beaussais-sur-Mer-Charte-V\u00e9lo.pdf\" class=\"wp-block-file__button\" download>T\u00e9l\u00e9charger<\/a><\/div>\r\n\r\n\r\n\r\n<div class=\"wp-block-file\"><a href=\"https:\/\/www.emeraude-velo.fr\/wp-content\/uploads\/2020\/02\/Dinard-Charte-V\u00e9lo.pdf\">Dinard &#8211; Charte V\u00e9lo<\/a><a href=\"https:\/\/www.emeraude-velo.fr\/wp-content\/uploads\/2020\/02\/Dinard-Charte-V\u00e9lo.pdf\" class=\"wp-block-file__button\" download>T\u00e9l\u00e9charger<\/a><\/div>\r\n\r\n\r\n\r\n<div class=\"wp-block-file\"><a href=\"https:\/\/www.emeraude-velo.fr\/wp-content\/uploads\/2020\/02\/La-Richardais-Charte-V\u00e9lo.pdf\">La Richardais &#8211; Charte V\u00e9lo<\/a><a href=\"https:\/\/www.emeraude-velo.fr\/wp-content\/uploads\/2020\/02\/La-Richardais-Charte-V\u00e9lo.pdf\" class=\"wp-block-file__button\" download>T\u00e9l\u00e9charger<\/a><\/div>\r\n\r\n\r\n\r\n<div class=\"wp-block-file\"><a href=\"https:\/\/www.emeraude-velo.fr\/wp-content\/uploads\/2020\/02\/Lancieux-Charte-V\u00e9lo.pdf\">Lancieux &#8211; Charte V\u00e9lo<\/a><a href=\"https:\/\/www.emeraude-velo.fr\/wp-content\/uploads\/2020\/02\/Lancieux-Charte-V\u00e9lo.pdf\" class=\"wp-block-file__button\" download>T\u00e9l\u00e9charger<\/a><\/div>\r\n\r\n\r\n\r\n<div class=\"wp-block-file\"><a href=\"https:\/\/www.emeraude-velo.fr\/wp-content\/uploads\/2020\/02\/Le-Minihic-sur-Rance-Charte-V\u00e9lo.pdf\">Le Minihic-sur-Rance &#8211; Charte V\u00e9lo<\/a><a href=\"https:\/\/www.emeraude-velo.fr\/wp-content\/uploads\/2020\/02\/Le-Minihic-sur-Rance-Charte-V\u00e9lo.pdf\" class=\"wp-block-file__button\" download>T\u00e9l\u00e9charger<\/a><\/div>\r\n\r\n\r\n\r\n<div class=\"wp-block-file\"><a href=\"https:\/\/www.emeraude-velo.fr\/wp-content\/uploads\/2020\/02\/Pleurtuit-Charte-V\u00e9lo.pdf\">Pleurtuit- Charte V\u00e9lo<\/a><a href=\"https:\/\/www.emeraude-velo.fr\/wp-content\/uploads\/2020\/02\/Pleurtuit-Charte-V\u00e9lo.pdf\" class=\"wp-block-file__button\" download>T\u00e9l\u00e9charger<\/a><\/div>\r\n\r\n\r\n\r\n<div class=\"wp-block-file\"><a href=\"https:\/\/www.emeraude-velo.fr\/wp-content\/uploads\/2020\/02\/Charte-St-Lunaire.pdf\">St-Lunaire &#8211; Charte V\u00e9lo<\/a><a href=\"https:\/\/www.emeraude-velo.fr\/wp-content\/uploads\/2020\/02\/Charte-St-Lunaire.pdf\" class=\"wp-block-file__button\" download>T\u00e9l\u00e9charger<\/a><\/div>\r\n\r\n\r\n\r\n<div class=\"wp-block-file\"><a href=\"https:\/\/www.emeraude-velo.fr\/wp-content\/uploads\/2020\/02\/Tr\u00e9m\u00e9reuc-Charte-V\u00e9lo.pdf\">Tr\u00e9m\u00e9reuc &#8211; Charte V\u00e9lo<\/a><a href=\"https:\/\/www.emeraude-velo.fr\/wp-content\/uploads\/2020\/02\/Tr\u00e9m\u00e9reuc-Charte-V\u00e9lo.pdf\" class=\"wp-block-file__button\" download>T\u00e9l\u00e9charger<\/a><\/div>\r\n\r\n\r\n\r\n<p>L&rsquo;association \u00e0 pris la d\u00e9cision d\u2019attendre la date butoir du 21 f\u00e9vrier avant de  rendre accessible sur notre site internet et notre page Facebook les  r\u00e9ponses re\u00e7ues des diff\u00e9rentes listes. <\/p>\r\n\r\n\r\n\r\n<p>Dans la journ\u00e9e du samedi 22 f\u00e9vrier nous posterons les r\u00e9ponses des listes qui auront r\u00e9pondu \u00e0 notre Charte V\u00e9lo. <\/p>\r\n\r\n\r\n\r\n<p>Notification: Suite \u00e0 un retard dans la r\u00e9ception de certains documents, la publication des r\u00e9ponses est d\u00e9cal\u00e9e \u00e0 lundi 24 F\u00e9vrier.<\/p>\r\n","protected":false},"excerpt":{"rendered":"<p>L&rsquo;association \u00e0 pris la d\u00e9cision d\u2019attendre la date butoir du 21 f\u00e9vrier avant de rendre accessible sur notre site internet et notre page Facebook les r\u00e9ponses re\u00e7ues des diff\u00e9rentes listes. Dans la journ\u00e9e du samedi 22 f\u00e9vrier nous posterons les r\u00e9ponses des listes qui auront r\u00e9pondu \u00e0 notre Charte V\u00e9lo. Notification: Suite \u00e0 un retard [&hellip;]<\/p>\n","protected":false},"author":2,"featured_media":0,"comment_status":"open","ping_status":"open","sticky":false,"template":"","format":"standard","meta":{"_et_pb_use_builder":"","_et_pb_old_content":"","_et_gb_content_width":"","footnotes":""},"categories":[],"tags":[],"class_list":["post-195","post","type-post","status-publish","format-standard","hentry"],"_links":{"self":[{"href":"https:\/\/www.emeraude-velo.fr\/index.php\/wp-json\/wp\/v2\/posts\/195","targetHints":{"allow":["GET"]}}],"collection":[{"href":"https:\/\/www.emeraude-velo.fr\/index.php\/wp-json\/wp\/v2\/posts"}],"about":[{"href":"https:\/\/www.emeraude-velo.fr\/index.php\/wp-json\/wp\/v2\/types\/post"}],"author":[{"embeddable":true,"href":"https:\/\/www.emeraude-velo.fr\/index.php\/wp-json\/wp\/v2\/users\/2"}],"replies":[{"embeddable":true,"href":"https:\/\/www.emeraude-velo.fr\/index.php\/wp-json\/wp\/v2\/comments?post=195"}],"version-history":[{"count":0,"href":"https:\/\/www.emeraude-velo.fr\/index.php\/wp-json\/wp\/v2\/posts\/195\/revisions"}],"wp:attachment":[{"href":"https:\/\/www.emeraude-velo.fr\/index.php\/wp-json\/wp\/v2\/media?parent=195"}],"wp:term":[{"taxonomy":"category","embeddable":true,"href":"https:\/\/www.emeraude-velo.fr\/index.php\/wp-json\/wp\/v2\/categories?post=195"},{"taxonomy":"post_tag","embeddable":true,"href":"https:\/\/www.emeraude-velo.fr\/index.php\/wp-json\/wp\/v2\/tags?post=195"}],"curies":[{"name":"wp","href":"https:\/\/api.w.org\/{rel}","templated":true}]}}