{"id":247,"date":"2020-05-11T19:46:32","date_gmt":"2020-05-11T17:46:32","guid":{"rendered":"https:\/\/www.emeraude-velo.fr\/?p=389"},"modified":"2020-05-11T19:46:32","modified_gmt":"2020-05-11T17:46:32","slug":"communique-de-presse-les-courriers-envoyes-aux-collectivites-territoriales","status":"publish","type":"post","link":"https:\/\/www.emeraude-velo.fr\/index.php\/2020\/05\/11\/communique-de-presse-les-courriers-envoyes-aux-collectivites-territoriales\/","title":{"rendered":"Communiqu\u00e9 de Presse : les courriers envoy\u00e9s aux collectivit\u00e9s territoriales"},"content":{"rendered":"\r\n<p>Ci-dessous, les diff\u00e9rents courriers demandant aux diff\u00e9rentes collectivit\u00e9s territoriales de mettre en place le plus rapidement possible des am\u00e9nagements cyclables, m\u00eame provisoires, qui permettraient aux cyclistes actuels et potentiels de se d\u00e9placer en toute s\u00e9curit\u00e9 sur le r\u00e9seau de notre territoire en cette p\u00e9riode de d\u00e9confinement :<\/p>\r\n\r\n\r\n\r\n<div class=\"wp-block-file\"><a href=\"https:\/\/www.emeraude-velo.fr\/wp-content\/uploads\/2020\/05\/lettre-pour-Monsieur-le-Maire-de-Dinard.pdf\">-Courrier \u00e0 l&rsquo;intention du Maire de Dinard :<\/a><a href=\"https:\/\/www.emeraude-velo.fr\/wp-content\/uploads\/2020\/05\/lettre-pour-Monsieur-le-Maire-de-Dinard.pdf\" class=\"wp-block-file__button\" download>T\u00e9l\u00e9charger<\/a><\/div>\r\n\r\n\r\n\r\n<div class=\"wp-block-file\"><a href=\"https:\/\/www.emeraude-velo.fr\/wp-content\/uploads\/2020\/05\/lettre-pour-Monsieur-le-pr\u00e9sident-de-la-CCCE.pdf\">-Courrier \u00e0 l&rsquo;intention du Pr\u00e9sident de la Communaut\u00e9 de Communes C\u00f4tes d\u2019\u00c9meraude (CCCE) :<\/a><a href=\"https:\/\/www.emeraude-velo.fr\/wp-content\/uploads\/2020\/05\/lettre-pour-Monsieur-le-pr\u00e9sident-de-la-CCCE.pdf\" class=\"wp-block-file__button\" download>T\u00e9l\u00e9charger<\/a><\/div>\r\n\r\n\r\n\r\n<div class=\"wp-block-file\"><a href=\"https:\/\/www.emeraude-velo.fr\/wp-content\/uploads\/2020\/05\/lettre-pour-Monsieur-le-Pr\u00e9sident-de-la-R\u00e9gion-Bretagne.pdf\">-Courrier \u00e0 l&rsquo;intention du Pr\u00e9sident de la R\u00e9gion Bretagne :<\/a><a href=\"https:\/\/www.emeraude-velo.fr\/wp-content\/uploads\/2020\/05\/lettre-pour-Monsieur-le-Pr\u00e9sident-de-la-R\u00e9gion-Bretagne.pdf\" class=\"wp-block-file__button\" download>T\u00e9l\u00e9charger<\/a><\/div>\r\n\r\n\r\n\r\n<div class=\"wp-block-file\"><a href=\"https:\/\/www.emeraude-velo.fr\/wp-content\/uploads\/2020\/05\/lettre-pour-Monsieur-le-Pr\u00e9sident-du-Conseil-D\u00e9partemental.pdf\">-Courrier \u00e0 l&rsquo;intention du Pr\u00e9sident du Conseil D\u00e9partemental :<\/a><a href=\"https:\/\/www.emeraude-velo.fr\/wp-content\/uploads\/2020\/05\/lettre-pour-Monsieur-le-Pr\u00e9sident-du-Conseil-D\u00e9partemental.pdf\" class=\"wp-block-file__button\" download>T\u00e9l\u00e9charger<\/a><\/div>\r\n","protected":false},"excerpt":{"rendered":"<p>Ci-dessous, les diff\u00e9rents courriers demandant aux diff\u00e9rentes collectivit\u00e9s territoriales de mettre en place le plus rapidement possible des am\u00e9nagements cyclables, m\u00eame provisoires, qui permettraient aux cyclistes actuels et potentiels de se d\u00e9placer en toute s\u00e9curit\u00e9 sur le r\u00e9seau de notre territoire en cette p\u00e9riode de d\u00e9confinement :<\/p>\n","protected":false},"author":3,"featured_media":0,"comment_status":"open","ping_status":"open","sticky":false,"template":"","format":"standard","meta":{"_et_pb_use_builder":"","_et_pb_old_content":"","_et_gb_content_width":"","footnotes":""},"categories":[],"tags":[],"class_list":["post-247","post","type-post","status-publish","format-standard","hentry"],"_links":{"self":[{"href":"https:\/\/www.emeraude-velo.fr\/index.php\/wp-json\/wp\/v2\/posts\/247","targetHints":{"allow":["GET"]}}],"collection":[{"href":"https:\/\/www.emeraude-velo.fr\/index.php\/wp-json\/wp\/v2\/posts"}],"about":[{"href":"https:\/\/www.emeraude-velo.fr\/index.php\/wp-json\/wp\/v2\/types\/post"}],"author":[{"embeddable":true,"href":"https:\/\/www.emeraude-velo.fr\/index.php\/wp-json\/wp\/v2\/users\/3"}],"replies":[{"embeddable":true,"href":"https:\/\/www.emeraude-velo.fr\/index.php\/wp-json\/wp\/v2\/comments?post=247"}],"version-history":[{"count":0,"href":"https:\/\/www.emeraude-velo.fr\/index.php\/wp-json\/wp\/v2\/posts\/247\/revisions"}],"wp:attachment":[{"href":"https:\/\/www.emeraude-velo.fr\/index.php\/wp-json\/wp\/v2\/media?parent=247"}],"wp:term":[{"taxonomy":"category","embeddable":true,"href":"https:\/\/www.emeraude-velo.fr\/index.php\/wp-json\/wp\/v2\/categories?post=247"},{"taxonomy":"post_tag","embeddable":true,"href":"https:\/\/www.emeraude-velo.fr\/index.php\/wp-json\/wp\/v2\/tags?post=247"}],"curies":[{"name":"wp","href":"https:\/\/api.w.org\/{rel}","templated":true}]}}