{"id":262,"date":"2020-09-07T22:36:36","date_gmt":"2020-09-07T20:36:36","guid":{"rendered":"https:\/\/www.emeraude-velo.fr\/?p=409"},"modified":"2020-09-07T22:44:01","modified_gmt":"2020-09-07T20:44:01","slug":"compte-rendu-de-la-reunion-sur-la-securite-des-cyclistes-du-6-aout-2020-organisee-par-lassociation-dinard-emeraude-a-velo","status":"publish","type":"post","link":"https:\/\/www.emeraude-velo.fr\/index.php\/2020\/09\/07\/compte-rendu-de-la-reunion-sur-la-securite-des-cyclistes-du-6-aout-2020-organisee-par-lassociation-dinard-emeraude-a-velo\/","title":{"rendered":"Compte-rendu de la r\u00e9union sur la s\u00e9curit\u00e9 des Cyclistes du 6 Ao\u00fbt 2020, organis\u00e9e par l&rsquo;association Dinard Emeraude \u00e0 V\u00e9lo"},"content":{"rendered":"\r\n<p> Suite \u00e0 de trop nombreux accidents impliquant des cyclistes ces derniers temps, et pour sensibiliser sur ce sujet, l\u2019association \u00ab Dinard Emeraude \u00e0 V\u00e9lo \u00bb a invit\u00e9 des membres des familles touch\u00e9es, des repr\u00e9sentants des clubs cyclotouristes de La Richardais, de Pleurtuit et de Dinard, ainsi que ses membres particuli\u00e8rement sensibles \u00e0 la s\u00e9curit\u00e9 des cyclistes sur la route pour \u00e9changer exp\u00e9riences et t\u00e9moignages afin d\u2019\u00e9viter que de tels drames ne se reproduisent, ci-dessous le compte-rendu de cette r\u00e9union: <\/p>\r\n\r\n\r\n\r\n<div class=\"wp-block-file\"><a href=\"https:\/\/www.emeraude-velo.fr\/wp-content\/uploads\/2020\/09\/2020-08-06-CR-final-r\u00e9union-s\u00e9curit\u00e9-des-cyclistes.pdf\">2020-08-06- CR final r\u00e9union s\u00e9curit\u00e9 des cyclistes<\/a><a href=\"https:\/\/www.emeraude-velo.fr\/wp-content\/uploads\/2020\/09\/2020-08-06-CR-final-r\u00e9union-s\u00e9curit\u00e9-des-cyclistes.pdf\" class=\"wp-block-file__button\" download>T\u00e9l\u00e9charger<\/a><\/div>\r\n\r\n\r\n\r\n<figure class=\"wp-block-image\"><img decoding=\"async\" src=\"https:\/\/www.emeraude-velo.fr\/wp-content\/uploads\/2020\/09\/Capture-1.png\" alt=\"\" class=\"wp-image-411\"\/><\/figure>\r\n","protected":false},"excerpt":{"rendered":"<p>Suite \u00e0 de trop nombreux accidents impliquant des cyclistes ces derniers temps, et pour sensibiliser sur ce sujet, l\u2019association \u00ab Dinard Emeraude \u00e0 V\u00e9lo \u00bb a invit\u00e9 des membres des familles touch\u00e9es, des repr\u00e9sentants des clubs cyclotouristes de La Richardais, de Pleurtuit et de Dinard, ainsi que ses membres particuli\u00e8rement sensibles \u00e0 la s\u00e9curit\u00e9 des [&hellip;]<\/p>\n","protected":false},"author":3,"featured_media":0,"comment_status":"open","ping_status":"open","sticky":false,"template":"","format":"standard","meta":{"_et_pb_use_builder":"","_et_pb_old_content":"","_et_gb_content_width":"","footnotes":""},"categories":[],"tags":[],"class_list":["post-262","post","type-post","status-publish","format-standard","hentry"],"_links":{"self":[{"href":"https:\/\/www.emeraude-velo.fr\/index.php\/wp-json\/wp\/v2\/posts\/262","targetHints":{"allow":["GET"]}}],"collection":[{"href":"https:\/\/www.emeraude-velo.fr\/index.php\/wp-json\/wp\/v2\/posts"}],"about":[{"href":"https:\/\/www.emeraude-velo.fr\/index.php\/wp-json\/wp\/v2\/types\/post"}],"author":[{"embeddable":true,"href":"https:\/\/www.emeraude-velo.fr\/index.php\/wp-json\/wp\/v2\/users\/3"}],"replies":[{"embeddable":true,"href":"https:\/\/www.emeraude-velo.fr\/index.php\/wp-json\/wp\/v2\/comments?post=262"}],"version-history":[{"count":0,"href":"https:\/\/www.emeraude-velo.fr\/index.php\/wp-json\/wp\/v2\/posts\/262\/revisions"}],"wp:attachment":[{"href":"https:\/\/www.emeraude-velo.fr\/index.php\/wp-json\/wp\/v2\/media?parent=262"}],"wp:term":[{"taxonomy":"category","embeddable":true,"href":"https:\/\/www.emeraude-velo.fr\/index.php\/wp-json\/wp\/v2\/categories?post=262"},{"taxonomy":"post_tag","embeddable":true,"href":"https:\/\/www.emeraude-velo.fr\/index.php\/wp-json\/wp\/v2\/tags?post=262"}],"curies":[{"name":"wp","href":"https:\/\/api.w.org\/{rel}","templated":true}]}}