{"id":277,"date":"2020-11-22T12:15:07","date_gmt":"2020-11-22T11:15:07","guid":{"rendered":"https:\/\/www.emeraude-velo.fr\/?p=448"},"modified":"2020-11-22T12:20:30","modified_gmt":"2020-11-22T11:20:30","slug":"association-dinard-emeraude-a-velo-compte-rendu-des-assemblees-generales-extraordinaire-et-ordinaire-du-5-octobre-2020-18-h-a-20h-au-cosec-dinard","status":"publish","type":"post","link":"https:\/\/www.emeraude-velo.fr\/index.php\/2020\/11\/22\/association-dinard-emeraude-a-velo-compte-rendu-des-assemblees-generales-extraordinaire-et-ordinaire-du-5-octobre-2020-18-h-a-20h-au-cosec-dinard\/","title":{"rendered":"Association \u00ab Dinard Emeraude \u00e0 V\u00e9lo \u00bb Compte Rendu des assembl\u00e9es g\u00e9n\u00e9rales extraordinaire et ordinaire du 5 octobre 2020 \u2013 18 h \u00e0 20h au COSEC, Dinard"},"content":{"rendered":"\r\n<div class=\"wp-block-file\"><a href=\"https:\/\/www.emeraude-velo.fr\/wp-content\/uploads\/2020\/11\/2020-10-05-AG-2020-CR.pdf\">Pour consulter le compte-rendu, cliquez sur t\u00e9l\u00e9charger ci-dessous:<br>2020-10-05 &#8211; AG 2020 &#8211; CR<\/a><a href=\"https:\/\/www.emeraude-velo.fr\/wp-content\/uploads\/2020\/11\/2020-10-05-AG-2020-CR.pdf\" class=\"wp-block-file__button\" download>T\u00e9l\u00e9charger<\/a><\/div>\r\n","protected":false},"excerpt":{"rendered":"","protected":false},"author":3,"featured_media":0,"comment_status":"open","ping_status":"open","sticky":false,"template":"","format":"standard","meta":{"_et_pb_use_builder":"","_et_pb_old_content":"","_et_gb_content_width":"","footnotes":""},"categories":[],"tags":[],"class_list":["post-277","post","type-post","status-publish","format-standard","hentry"],"_links":{"self":[{"href":"https:\/\/www.emeraude-velo.fr\/index.php\/wp-json\/wp\/v2\/posts\/277","targetHints":{"allow":["GET"]}}],"collection":[{"href":"https:\/\/www.emeraude-velo.fr\/index.php\/wp-json\/wp\/v2\/posts"}],"about":[{"href":"https:\/\/www.emeraude-velo.fr\/index.php\/wp-json\/wp\/v2\/types\/post"}],"author":[{"embeddable":true,"href":"https:\/\/www.emeraude-velo.fr\/index.php\/wp-json\/wp\/v2\/users\/3"}],"replies":[{"embeddable":true,"href":"https:\/\/www.emeraude-velo.fr\/index.php\/wp-json\/wp\/v2\/comments?post=277"}],"version-history":[{"count":0,"href":"https:\/\/www.emeraude-velo.fr\/index.php\/wp-json\/wp\/v2\/posts\/277\/revisions"}],"wp:attachment":[{"href":"https:\/\/www.emeraude-velo.fr\/index.php\/wp-json\/wp\/v2\/media?parent=277"}],"wp:term":[{"taxonomy":"category","embeddable":true,"href":"https:\/\/www.emeraude-velo.fr\/index.php\/wp-json\/wp\/v2\/categories?post=277"},{"taxonomy":"post_tag","embeddable":true,"href":"https:\/\/www.emeraude-velo.fr\/index.php\/wp-json\/wp\/v2\/tags?post=277"}],"curies":[{"name":"wp","href":"https:\/\/api.w.org\/{rel}","templated":true}]}}