{"id":296,"date":"2021-01-18T21:09:27","date_gmt":"2021-01-18T20:09:27","guid":{"rendered":"https:\/\/www.emeraude-velo.fr\/?p=472"},"modified":"2024-01-19T01:05:09","modified_gmt":"2024-01-19T00:05:09","slug":"resultats-de-lenquete-en-ligne-usage-du-velo-sur-la-cote-demeraude-et-la-vallee-de-la-rance","status":"publish","type":"post","link":"https:\/\/www.emeraude-velo.fr\/index.php\/2021\/01\/18\/resultats-de-lenquete-en-ligne-usage-du-velo-sur-la-cote-demeraude-et-la-vallee-de-la-rance\/","title":{"rendered":"R\u00e9sultats de l&rsquo;enqu\u00eate en ligne \u00ab\u00a0Usage du v\u00e9lo sur la C\u00f4te d\u2019Emeraude et la Vall\u00e9e de la Rance\u00a0\u00bb"},"content":{"rendered":"\n<p>Vous\navez renseign\u00e9 l&rsquo;enqu\u00eate en ligne <strong>\u00ab\u00a0Usage du v\u00e9lo sur la C\u00f4te\nd\u2019Emeraude et la Vall\u00e9e de la Rance\u00a0\u00bb<\/strong> lanc\u00e9e fin 2020 par l&rsquo;association Dinard Emeraude \u00e0 V\u00e9lo en\npartenariat avec \u00c0 V\u00e9lo Malo et Liaisons Douces. <br>\nVous \u00eates 469 \u00e0 y avoir r\u00e9pondu.<\/p>\n\n\n\n<p>Vous\ntrouverez ci-joint le document analysant l&rsquo;ensemble des r\u00e9sultats.<\/p>\n\n\n\n<p>Cette enqu\u00eate constitue une photographie de la mobilit\u00e9 \u00e0 bicyclette sur le territoire Vall\u00e9e de la Rance et C\u00f4te d&rsquo;Emeraude et une base de discussion int\u00e9ressante entre associations v\u00e9los et collectivit\u00e9s locales.<\/p>\n\n\n\n<div class=\"wp-block-file\"><a id=\"wp-block-file--media-90d010d7-ef19-48be-8704-60e50bdbac5f\" href=\"https:\/\/www.emeraude-velo.fr\/wp-content\/uploads\/2021\/01\/Enqu\u00eate-v\u00e9lo-R\u00e9sultats-et-Commentaires-1.pdf\">Enqu\u00eate v\u00e9lo &#8211; R\u00e9sultats et Commentaires<\/a><a href=\"https:\/\/www.emeraude-velo.fr\/wp-content\/uploads\/2021\/01\/Enqu\u00eate-v\u00e9lo-R\u00e9sultats-et-Commentaires-1.pdf\" class=\"wp-block-file__button wp-element-button\" download aria-describedby=\"wp-block-file--media-90d010d7-ef19-48be-8704-60e50bdbac5f\">T\u00e9l\u00e9charger<\/a><\/div>\n\n\n\n<figure class=\"wp-block-image is-resized\"><img decoding=\"async\" src=\"https:\/\/www.emeraude-velo.fr\/wp-content\/uploads\/2021\/01\/Capture.png\" alt=\"\" class=\"wp-image-474\" style=\"width:688px;height:473px\"\/><\/figure>\n","protected":false},"excerpt":{"rendered":"<p>Vous avez renseign\u00e9 l&rsquo;enqu\u00eate en ligne \u00ab\u00a0Usage du v\u00e9lo sur la C\u00f4te d\u2019Emeraude et la Vall\u00e9e de la Rance\u00a0\u00bb lanc\u00e9e fin 2020 par l&rsquo;association Dinard Emeraude \u00e0 V\u00e9lo en partenariat avec \u00c0 V\u00e9lo Malo et Liaisons Douces. Vous \u00eates 469 \u00e0 y avoir r\u00e9pondu. Vous trouverez ci-joint le document analysant l&rsquo;ensemble des r\u00e9sultats. Cette enqu\u00eate [&hellip;]<\/p>\n","protected":false},"author":3,"featured_media":0,"comment_status":"closed","ping_status":"closed","sticky":false,"template":"","format":"standard","meta":{"_et_pb_use_builder":"","_et_pb_old_content":"","_et_gb_content_width":"1080","footnotes":""},"categories":[1],"tags":[],"class_list":["post-296","post","type-post","status-publish","format-standard","hentry","category-non-classe"],"_links":{"self":[{"href":"https:\/\/www.emeraude-velo.fr\/index.php\/wp-json\/wp\/v2\/posts\/296","targetHints":{"allow":["GET"]}}],"collection":[{"href":"https:\/\/www.emeraude-velo.fr\/index.php\/wp-json\/wp\/v2\/posts"}],"about":[{"href":"https:\/\/www.emeraude-velo.fr\/index.php\/wp-json\/wp\/v2\/types\/post"}],"author":[{"embeddable":true,"href":"https:\/\/www.emeraude-velo.fr\/index.php\/wp-json\/wp\/v2\/users\/3"}],"replies":[{"embeddable":true,"href":"https:\/\/www.emeraude-velo.fr\/index.php\/wp-json\/wp\/v2\/comments?post=296"}],"version-history":[{"count":2,"href":"https:\/\/www.emeraude-velo.fr\/index.php\/wp-json\/wp\/v2\/posts\/296\/revisions"}],"predecessor-version":[{"id":559,"href":"https:\/\/www.emeraude-velo.fr\/index.php\/wp-json\/wp\/v2\/posts\/296\/revisions\/559"}],"wp:attachment":[{"href":"https:\/\/www.emeraude-velo.fr\/index.php\/wp-json\/wp\/v2\/media?parent=296"}],"wp:term":[{"taxonomy":"category","embeddable":true,"href":"https:\/\/www.emeraude-velo.fr\/index.php\/wp-json\/wp\/v2\/categories?post=296"},{"taxonomy":"post_tag","embeddable":true,"href":"https:\/\/www.emeraude-velo.fr\/index.php\/wp-json\/wp\/v2\/tags?post=296"}],"curies":[{"name":"wp","href":"https:\/\/api.w.org\/{rel}","templated":true}]}}