{"id":303,"date":"2021-03-26T16:02:37","date_gmt":"2021-03-26T15:02:37","guid":{"rendered":"https:\/\/www.emeraude-velo.fr\/?p=480"},"modified":"2024-01-19T01:04:45","modified_gmt":"2024-01-19T00:04:45","slug":"mobilisez-votre-parlementaire-pour-rajouter-le-velo-dans-la-loi-climat","status":"publish","type":"post","link":"https:\/\/www.emeraude-velo.fr\/index.php\/2021\/03\/26\/mobilisez-votre-parlementaire-pour-rajouter-le-velo-dans-la-loi-climat\/","title":{"rendered":"Mobilisez votre parlementaire pour rajouter le v\u00e9lo dans la Loi Climat!"},"content":{"rendered":"\r\n<p>\r\n\r\nLe projet de loi \u00ab\u00a0Climat et R\u00e9silience\u00a0\u00bb, ayant pour but de lutter contre le r\u00e9chauffement climatique, sera examin\u00e9 par l&rsquo;Assembl\u00e9e Nationale \u00e0 partir du 29 mars. Le mot v\u00e9lo \u00e9tant quasi-absent du texte, la FUB est mobilis\u00e9e pour que des mesures fortes soient prises en faveur de son d\u00e9veloppement.La FUB et l\u2019ensemble de son r\u00e9seau appellent donc \u00e0 ce que la loi Climat retrouve un second souffle et que les d\u00e9put\u00e9.es portent la <a href=\"https:\/\/www.facebook.com\/hashtag\/solutionv%C3%A9lo?__eep__=6&amp;__cft__[0]=AZWBsqOe7IxTxMODNJvAJ27b0LALimUTAFSUcuq9eMQ3NPWRTyH1Pytt7KWg_BcbOqntn1aAIsKhS6t_bsYGT3FDP37YlWKzpj__UXy8yZiJ6jOqgRP9t8gqHZGLltkZu90sHAUj0AF56JYJNDSiyvTM2BDOqJmFVSN0716yhrbzYxBFXY1szzFmAmlRfVePZLI&amp;__tn__=*NK-R\">#SolutionV\u00e9lo<\/a> \u00e0 nouveau en s\u00e9ance publique.<\/p>\r\n\r\n\r\n\r\n<figure class=\"wp-block-image\"><img decoding=\"async\" src=\"https:\/\/static.xx.fbcdn.net\/images\/emoji.php\/v9\/t51\/1\/16\/1f449.png\" alt=\"?\"\/><\/figure>\r\n\r\n\r\n\r\n<p>  Lire le communiqu\u00e9 de presse : <a href=\"https:\/\/cutt.ly\/jzUNlmM?fbclid=IwAR1nNAwTdLb-EQ-8P_ZSYxdAoZ_-PTDTAK_zHYjvi9m9mkJ5UvDXT5ggorU\" rel=\"noreferrer noopener\" target=\"_blank\">https:\/\/cutt.ly\/jzUNlmM<\/a><\/p>\r\n\r\n\r\n\r\n<figure class=\"wp-block-image\"><img decoding=\"async\" src=\"https:\/\/static.xx.fbcdn.net\/images\/emoji.php\/v9\/t51\/1\/16\/1f449.png\" alt=\"?\"\/><\/figure>\r\n\r\n\r\n\r\n<p>  Revoir en images les propositions FUB : <a rel=\"noreferrer noopener\" href=\"https:\/\/l.facebook.com\/l.php?u=https%3A%2F%2Fcutt.ly%2FezUNYA2%3Ffbclid%3DIwAR1Q6wNXZyj-VxsDW0fvfFrJbaJDGTSW3ANCXaUtXPkmrBUtaGimlMtDPYI&amp;h=AT2jD0jJMk6W6BmIk_A05RPR7Ks0k8DT-_VbE7kmRHRvXkiA6RKXyr5THUnLQgunIetv3uM_zGWubzMqpj4O4AW8s0M-A7mhaCxLnW9KRq5NurkN7u2bQojJVoQmHbO21YjPBrIt9TW_ESKPlvhU&amp;__tn__=-UK-R&amp;c[0]=AT1BasQktPtPTynZlzfjJzvjEu_JFueYfdc1i9XdeEvz7llNIxZE8qRasLf3UcEnO-wLN35uDEoSTLogjEeSBTH2LAOmHXFWZZU9f5Q3_a_IWeWNO0-_bLjiRiX3Hxzrl-QP11pfRJyEwkwY0lmgMTfxUcKWJ_EqJRXb6tOg94pl8433CDx8ZwqSJnviUe5q0VNQDA7nion4bHJJjfg\" target=\"_blank\">https:\/\/cutt.ly\/ezUNYA2<\/a>Toutes les infos sur :<a rel=\"noreferrer noopener\" href=\"https:\/\/www.parlons-velo.fr\/loi-climat-r%C3%A9silience?fbclid=IwAR3cOapsOMyaz_bidlGEx0dzbe29oIGD149U8ke4gtQuqA0-W2So9y4O1cU\" target=\"_blank\">https:\/\/www.parlons-velo.fr\/loi-climat-r%C3%A9silience<\/a>Bon pour soi, les autres et la plan\u00e8te, je choisis la bicyclette !!!!!<a href=\"https:\/\/www.facebook.com\/DinardEmeraudeVelo\/?__cft__[0]=AZWBsqOe7IxTxMODNJvAJ27b0LALimUTAFSUcuq9eMQ3NPWRTyH1Pytt7KWg_BcbOqntn1aAIsKhS6t_bsYGT3FDP37YlWKzpj__UXy8yZiJ6jOqgRP9t8gqHZGLltkZu90sHAUj0AF56JYJNDSiyvTM2BDOqJmFVSN0716yhrbzYxBFXY1szzFmAmlRfVePZLI&amp;__tn__=kK-R\">https:\/\/www.facebook.com\/DinardEmeraudeVelo\/<\/a>Dinard Emeraude \u00e0 V\u00e9lo est une association ouverte \u00e0 tous qui a pour but de d\u00e9velopper et promouvoir les d\u00e9placements doux sur TOUT le territoire de la Communaut\u00e9 de communes C\u00f4te d&rsquo;Emeraude. <\/p>\r\n\r\n\r\n\r\n<figure class=\"wp-block-embed-twitter wp-block-embed is-type-rich is-provider-twitter\"><div class=\"wp-block-embed__wrapper\">\r\n<blockquote class=\"twitter-tweet\" data-width=\"550\" data-dnt=\"true\"><p lang=\"fr\" dir=\"ltr\">Le \ud83d\udeb2 est quasi-absent de la <a href=\"https:\/\/twitter.com\/hashtag\/LoiClimat?src=hash&amp;ref_src=twsrc%5Etfw\">#LoiClimat<\/a> \u2757<br>\ud83d\udc49Pourtant 3\/4 des d\u00e9placements quotidiens font \u27967\ufe0f\u20e3km et pourraient donc \u00eatre r\u00e9alis\u00e9s \u00e0 \ud83d\udeb2 s\u2019il y avait des infrastructures adapt\u00e9es et s\u00e9curisantes.<br>\u2705 : Sant\u00e9, temps, pouvoir d\u2019achat, qualit\u00e9 de l\u2019air, bruit. <a href=\"https:\/\/t.co\/1Y4f5B161p\">pic.twitter.com\/1Y4f5B161p<\/a><\/p>&mdash; FUB (@FUB_fr) <a href=\"https:\/\/twitter.com\/FUB_fr\/status\/1366821356260782081?ref_src=twsrc%5Etfw\">March 2, 2021<\/a><\/blockquote><script async src=\"https:\/\/platform.twitter.com\/widgets.js\" charset=\"utf-8\"><\/script>\r\n<\/div><\/figure>\r\n","protected":false},"excerpt":{"rendered":"<p>Le projet de loi \u00ab\u00a0Climat et R\u00e9silience\u00a0\u00bb, ayant pour but de lutter contre le r\u00e9chauffement climatique, sera examin\u00e9 par l&rsquo;Assembl\u00e9e Nationale \u00e0 partir du 29 mars. Le mot v\u00e9lo \u00e9tant quasi-absent du texte, la FUB est mobilis\u00e9e pour que des mesures fortes soient prises en faveur de son d\u00e9veloppement.La FUB et l\u2019ensemble de son r\u00e9seau [&hellip;]<\/p>\n","protected":false},"author":3,"featured_media":0,"comment_status":"closed","ping_status":"closed","sticky":false,"template":"","format":"standard","meta":{"_et_pb_use_builder":"","_et_pb_old_content":"","_et_gb_content_width":"1080","footnotes":""},"categories":[1],"tags":[],"class_list":["post-303","post","type-post","status-publish","format-standard","hentry","category-non-classe"],"_links":{"self":[{"href":"https:\/\/www.emeraude-velo.fr\/index.php\/wp-json\/wp\/v2\/posts\/303","targetHints":{"allow":["GET"]}}],"collection":[{"href":"https:\/\/www.emeraude-velo.fr\/index.php\/wp-json\/wp\/v2\/posts"}],"about":[{"href":"https:\/\/www.emeraude-velo.fr\/index.php\/wp-json\/wp\/v2\/types\/post"}],"author":[{"embeddable":true,"href":"https:\/\/www.emeraude-velo.fr\/index.php\/wp-json\/wp\/v2\/users\/3"}],"replies":[{"embeddable":true,"href":"https:\/\/www.emeraude-velo.fr\/index.php\/wp-json\/wp\/v2\/comments?post=303"}],"version-history":[{"count":1,"href":"https:\/\/www.emeraude-velo.fr\/index.php\/wp-json\/wp\/v2\/posts\/303\/revisions"}],"predecessor-version":[{"id":558,"href":"https:\/\/www.emeraude-velo.fr\/index.php\/wp-json\/wp\/v2\/posts\/303\/revisions\/558"}],"wp:attachment":[{"href":"https:\/\/www.emeraude-velo.fr\/index.php\/wp-json\/wp\/v2\/media?parent=303"}],"wp:term":[{"taxonomy":"category","embeddable":true,"href":"https:\/\/www.emeraude-velo.fr\/index.php\/wp-json\/wp\/v2\/categories?post=303"},{"taxonomy":"post_tag","embeddable":true,"href":"https:\/\/www.emeraude-velo.fr\/index.php\/wp-json\/wp\/v2\/tags?post=303"}],"curies":[{"name":"wp","href":"https:\/\/api.w.org\/{rel}","templated":true}]}}