{"id":52,"date":"2018-10-16T10:40:53","date_gmt":"2018-10-16T08:40:53","guid":{"rendered":"http:\/\/vps568461.ovh.net\/?p=117"},"modified":"2019-01-04T18:11:52","modified_gmt":"2019-01-04T17:11:52","slug":"117","status":"publish","type":"post","link":"https:\/\/www.emeraude-velo.fr\/index.php\/2018\/10\/16\/117\/","title":{"rendered":"Groupe Jeunes et scolaires"},"content":{"rendered":"<p>1. Concours dans les \u00e9coles primaires en partenariat avec les enseignants Possibilit\u00e9 de travailler sur un logo, un slogan, un macaron, une affiche de valorisation et de promotion des d\u00e9placements \u00e0 v\u00e9lo en g\u00e9n\u00e9ral ou de l\u2019int\u00e9r\u00eat d\u2019aller \u00e0 l\u2019\u00e9cole \u00e0 v\u00e9lo.<\/p>\n<p>2. A partir de la cr\u00e9ation d\u2019un macaron \u00ab Je vais \u00e0 l\u2019\u00e9cole \u00e0 v\u00e9lo \u00bb, cr\u00e9er une communaut\u00e9 cycliste &gt;&gt;&gt; faire du v\u00e9lo devient un acte \u00ab militant \u00bb (ou au moins choisi et assum\u00e9).<\/p>\n<p>3. Sur les r\u00e9seaux sociaux, cr\u00e9er une page mosa\u00efque (support et format \u00e0 d\u00e9finir) destin\u00e9e \u00e0 recueillir des photos ou des selfies \u00ab je circule \u00e0 v\u00e9lo pour aller\u2026 \u00e0 la plage, \u00e0 l\u2019\u00e9cole, \u00e0 la m\u00e9diath\u00e8que, pour aller faire du sport\u2026 \u00bb, toujours dans l\u2019id\u00e9e d\u2019une communaut\u00e9 qui valoriserait le fait de se d\u00e9placer \u00e0 v\u00e9lo.<\/p>\n<p>4. Etudier le stationnement-v\u00e9los dans les \u00e9coles. V\u00e9rifier qu\u2019ils peuvent \u00eatre stationn\u00e9s dans de bonnes conditions. Sugg\u00e9rer aux services techniques de \u00ab recycler \u00bb les r\u00e2teliers mieux adapt\u00e9s \u00e0 des v\u00e9los aux roues d\u2019un plus petit diam\u00e8tre.<\/p>\n<p>5. V\u00e9lobus : action d\u2019une journ\u00e9e (dans un premier temps) afin d\u2019en montrer l\u2019int\u00e9r\u00eat et de montrer aussi que c\u2019est possible\u2026 cf Plou\u00ebr-sur-Rance ou Pleurtuit (On pourrait aussi inviter des personnes impliqu\u00e9es dans le v\u00e9lobus de Plou\u00ebr \u00e0 venir t\u00e9moigner aupr\u00e8s des \u00e9l\u00e8ves dinardais, des parents et des enseignants).<\/p>\n","protected":false},"excerpt":{"rendered":"<p>1. Concours dans les \u00e9coles primaires en partenariat avec les enseignants Possibilit\u00e9 de travailler sur un logo, un slogan, un macaron, une affiche de valorisation et de promotion des d\u00e9placements \u00e0 v\u00e9lo en g\u00e9n\u00e9ral ou de l\u2019int\u00e9r\u00eat d\u2019aller \u00e0 l\u2019\u00e9cole \u00e0 v\u00e9lo. 2. A partir de la cr\u00e9ation d\u2019un macaron \u00ab Je vais \u00e0 l\u2019\u00e9cole [&hellip;]<\/p>\n","protected":false},"author":1,"featured_media":0,"comment_status":"open","ping_status":"open","sticky":false,"template":"","format":"standard","meta":{"_et_pb_use_builder":"","_et_pb_old_content":"","_et_gb_content_width":"","footnotes":""},"categories":[],"tags":[],"class_list":["post-52","post","type-post","status-publish","format-standard","hentry"],"_links":{"self":[{"href":"https:\/\/www.emeraude-velo.fr\/index.php\/wp-json\/wp\/v2\/posts\/52","targetHints":{"allow":["GET"]}}],"collection":[{"href":"https:\/\/www.emeraude-velo.fr\/index.php\/wp-json\/wp\/v2\/posts"}],"about":[{"href":"https:\/\/www.emeraude-velo.fr\/index.php\/wp-json\/wp\/v2\/types\/post"}],"author":[{"embeddable":true,"href":"https:\/\/www.emeraude-velo.fr\/index.php\/wp-json\/wp\/v2\/users\/1"}],"replies":[{"embeddable":true,"href":"https:\/\/www.emeraude-velo.fr\/index.php\/wp-json\/wp\/v2\/comments?post=52"}],"version-history":[{"count":14,"href":"https:\/\/www.emeraude-velo.fr\/index.php\/wp-json\/wp\/v2\/posts\/52\/revisions"}],"predecessor-version":[{"id":167,"href":"https:\/\/www.emeraude-velo.fr\/index.php\/wp-json\/wp\/v2\/posts\/52\/revisions\/167"}],"wp:attachment":[{"href":"https:\/\/www.emeraude-velo.fr\/index.php\/wp-json\/wp\/v2\/media?parent=52"}],"wp:term":[{"taxonomy":"category","embeddable":true,"href":"https:\/\/www.emeraude-velo.fr\/index.php\/wp-json\/wp\/v2\/categories?post=52"},{"taxonomy":"post_tag","embeddable":true,"href":"https:\/\/www.emeraude-velo.fr\/index.php\/wp-json\/wp\/v2\/tags?post=52"}],"curies":[{"name":"wp","href":"https:\/\/api.w.org\/{rel}","templated":true}]}}