{"id":58,"date":"2018-10-16T18:37:24","date_gmt":"2018-10-16T16:37:24","guid":{"rendered":"http:\/\/vps568461.ovh.net\/?p=123"},"modified":"2018-11-09T17:01:08","modified_gmt":"2018-11-09T16:01:08","slug":"barrage-de-la-rance","status":"publish","type":"post","link":"https:\/\/www.emeraude-velo.fr\/index.php\/2018\/10\/16\/barrage-de-la-rance\/","title":{"rendered":"Barrage de la Rance"},"content":{"rendered":"<p>Afin de faciliter les liaisons maritimes entre Dinard et Saint-Malo pour les cyclistes, particuli\u00e8rement durant les travaux du carrefour des Milli\u00e8res, vous pouvez consulter\u00a0notre courrier commun avec l&rsquo;association \u00ab\u00a0A V\u00e9lo Malo\u00a0\u00bb adress\u00e9 aux maires de Dinard et Saint-Malo, aux pr\u00e9sidents de Saint-Malo Agglom\u00e9ration et de la Communaut\u00e9 de communes C\u00f4te d&rsquo;Emeraude et du\u00a0directeur de la Compagnie Corsaire avec le lien suivant:<\/p>\n<p><a href=\"http:\/\/vps568461.ovh.net\/wp-content\/uploads\/2018\/10\/courrier-velo-NAVETTE-MARITIME.pdf\">courrier velo navette maritime<\/a><\/p>\n<p>&nbsp;<\/p>\n<p>&nbsp;<\/p>\n<p>Si vous d\u00e9sirez acc\u00e9der aux dossiers \u00e9tablis par l&rsquo;association \u00ab\u00a0A V\u00e9lo Malo\u00a0\u00bb, cliquez sur le lien suivant:<\/p>\n<p><a href=\"http:\/\/vps568461.ovh.net\/wp-content\/uploads\/2018\/10\/AVM-Rance-Est-23.pdf\">AVM Rance Est-2(3)<\/a><\/p>\n<p><a href=\"http:\/\/vps568461.ovh.net\/wp-content\/uploads\/2018\/10\/AVM-Rance-Est-1A.pdf\">AVM Rance Est-1A<\/a><\/p>\n","protected":false},"excerpt":{"rendered":"<p>Afin de faciliter les liaisons maritimes entre Dinard et Saint-Malo pour les cyclistes, particuli\u00e8rement durant les travaux du carrefour des Milli\u00e8res, vous pouvez consulter\u00a0notre courrier commun avec l&rsquo;association \u00ab\u00a0A V\u00e9lo Malo\u00a0\u00bb adress\u00e9 aux maires de Dinard et Saint-Malo, aux pr\u00e9sidents de Saint-Malo Agglom\u00e9ration et de la Communaut\u00e9 de communes C\u00f4te d&rsquo;Emeraude et du\u00a0directeur de la [&hellip;]<\/p>\n","protected":false},"author":1,"featured_media":0,"comment_status":"open","ping_status":"open","sticky":false,"template":"","format":"standard","meta":{"_et_pb_use_builder":"","_et_pb_old_content":"","_et_gb_content_width":"","footnotes":""},"categories":[],"tags":[],"class_list":["post-58","post","type-post","status-publish","format-standard","hentry"],"_links":{"self":[{"href":"https:\/\/www.emeraude-velo.fr\/index.php\/wp-json\/wp\/v2\/posts\/58","targetHints":{"allow":["GET"]}}],"collection":[{"href":"https:\/\/www.emeraude-velo.fr\/index.php\/wp-json\/wp\/v2\/posts"}],"about":[{"href":"https:\/\/www.emeraude-velo.fr\/index.php\/wp-json\/wp\/v2\/types\/post"}],"author":[{"embeddable":true,"href":"https:\/\/www.emeraude-velo.fr\/index.php\/wp-json\/wp\/v2\/users\/1"}],"replies":[{"embeddable":true,"href":"https:\/\/www.emeraude-velo.fr\/index.php\/wp-json\/wp\/v2\/comments?post=58"}],"version-history":[{"count":0,"href":"https:\/\/www.emeraude-velo.fr\/index.php\/wp-json\/wp\/v2\/posts\/58\/revisions"}],"wp:attachment":[{"href":"https:\/\/www.emeraude-velo.fr\/index.php\/wp-json\/wp\/v2\/media?parent=58"}],"wp:term":[{"taxonomy":"category","embeddable":true,"href":"https:\/\/www.emeraude-velo.fr\/index.php\/wp-json\/wp\/v2\/categories?post=58"},{"taxonomy":"post_tag","embeddable":true,"href":"https:\/\/www.emeraude-velo.fr\/index.php\/wp-json\/wp\/v2\/tags?post=58"}],"curies":[{"name":"wp","href":"https:\/\/api.w.org\/{rel}","templated":true}]}}