{"id":71,"date":"2018-11-09T17:18:57","date_gmt":"2018-11-09T16:18:57","guid":{"rendered":"http:\/\/vps568461.ovh.net\/?p=141"},"modified":"2018-12-10T17:53:00","modified_gmt":"2018-12-10T16:53:00","slug":"boulevard-feart","status":"publish","type":"post","link":"https:\/\/www.emeraude-velo.fr\/index.php\/2018\/11\/09\/boulevard-feart\/","title":{"rendered":"Boulevard F\u00e9art"},"content":{"rendered":"\r\n<p>Suite \u00e0 la pr\u00e9sentation des travaux sur le boulevard F\u00e9art au cours de la r\u00e9union publique du 19 juin 2018 au Baln\u00e9um (voir lien suivant\u00a0<a href=\"http:\/\/vps568461.ovh.net\/wp-content\/uploads\/2018\/11\/2018-06-19-Reunion-Publique-du-19-06-18.pdf\">2018-06-19-Reunion-Publique-du-19-06-18<\/a>), voici la proposition de l&rsquo;association r\u00e9sum\u00e9e dans le point presse et favorable \u00e0 une mise \u00e0 sens unique pour les voitures et un double sens cyclable pour les v\u00e9los.<\/p>\r\n\r\n\r\n\r\n<h4 class=\"wp-block-heading\">1- Objectif du Point Presse<\/h4>\r\n\r\n\r\n\r\n<p>Pr\u00e9sentation par l\u2019association \u00ab Dinard Emeraude \u00e0 V\u00e9lo \u00bb d\u2019une proposition d\u2019am\u00e9nagement du boulevard F\u00e9art qui favorise la circulation des cyclistes en toute s\u00e9curit\u00e9.<\/p>\r\n\r\n\r\n\r\n<h4 class=\"wp-block-heading\">2- Rappel du projet actuel de r\u00e9novation du bd F\u00e9art (valid\u00e9 par le conseil municipal le 24\/09\/2018)<\/h4>\r\n\r\n\r\n\r\n<figure class=\"wp-block-image\"><img loading=\"lazy\" decoding=\"async\" width=\"1000\" height=\"733\" src=\"http:\/\/vps568461.ovh.net\/wp-content\/uploads\/2018\/12\/bdfeart_1.png\" alt=\"\" class=\"wp-image-163\" srcset=\"https:\/\/www.emeraude-velo.fr\/wp-content\/uploads\/2018\/12\/bdfeart_1.png 1000w, https:\/\/www.emeraude-velo.fr\/wp-content\/uploads\/2018\/12\/bdfeart_1-300x220.png 300w, https:\/\/www.emeraude-velo.fr\/wp-content\/uploads\/2018\/12\/bdfeart_1-768x563.png 768w\" sizes=\"auto, (max-width: 1000px) 100vw, 1000px\" \/><\/figure>\r\n\r\n\r\n\r\n<p>Notre association juge que ce projet :<\/p>\r\n\r\n\r\n\r\n<ul class=\"wp-block-list\"><li>met en danger les cyclistes lors du croisement des voitures car la largeur de la voirie (6 m) est trop \u00e9troite pour la circulation dans les deux sens des voitures et des cyclistes, m\u00eame en Zone 30.<\/li><li>n\u2019est pas coh\u00e9rent avec la volont\u00e9 affich\u00e9e de la mairie de \u00ab d\u00e9velopper les modes de d\u00e9placement doux \u00bb.<\/li><li>est en d\u00e9saccord avec les mesures du Plan V\u00e9lo national (pr\u00e9sent\u00e9 le 14\/09\/2018) dont celle qui pr\u00e9cise que \u00ab les am\u00e9nagements cyclables doivent assurer un d\u00e9placement en v\u00e9lo fluide et s\u00fbr \u00bb<\/li><li><\/li><\/ul>\r\n\r\n\r\n\r\n<h4 class=\"wp-block-heading\">3- Am\u00e9nagement propos\u00e9 par \u00ab Dinard Emeraude \u00e0 V\u00e9lo \u00bb<\/h4>\r\n\r\n\r\n\r\n<figure class=\"wp-block-image\"><img loading=\"lazy\" decoding=\"async\" width=\"662\" height=\"453\" src=\"http:\/\/vps568461.ovh.net\/wp-content\/uploads\/2018\/11\/page2.png\" alt=\"\" class=\"wp-image-157\" srcset=\"https:\/\/www.emeraude-velo.fr\/wp-content\/uploads\/2018\/11\/page2.png 662w, https:\/\/www.emeraude-velo.fr\/wp-content\/uploads\/2018\/11\/page2-300x205.png 300w\" sizes=\"auto, (max-width: 662px) 100vw, 662px\" \/><\/figure>\r\n\r\n\r\n\r\n<p>A noter que cet am\u00e9nagement correspondrait \u00e0 celui en cours de r\u00e9alisation sur une autre p\u00e9n\u00e9trante \u00e0 Dinard, celle de l\u2019axe rue Saint-Alexandre et rue des Vergers.<\/p>\r\n\r\n\r\n\r\n<p>Cette proposition a \u00e9t\u00e9 exprim\u00e9e \u00e0 plusieurs reprises par l\u2019association notamment lors de la pr\u00e9sentation publique du projet au Balneum (19 juin 2018), lors des deux r\u00e9unions en mairie consacr\u00e9es aux am\u00e9nagements cyclables (10 juillet et 19 septembre 2018) et dans notre lettre adress\u00e9e aux commissaires de l\u2019enqu\u00eate publique du projet de PLU (6 ao\u00fbt 2018). <\/p>\r\n\r\n\r\n\r\n<h4 class=\"wp-block-heading\">4- Prochaines \u00e9tapes<\/h4>\r\n\r\n\r\n\r\n<ul class=\"wp-block-list\"><li>Evaluer avec la municipalit\u00e9 la mise en \u0153uvre de cette proposition puisque le temps le permet suite au report du d\u00e9but des travaux occasionn\u00e9 par le recours en r\u00e9f\u00e9r\u00e9 contre l\u2019abattage des arbres. <\/li><\/ul>\r\n\r\n\r\n\r\n<ul class=\"wp-block-list\"><li>Contribuer \u00e0 la pr\u00e9paration d\u2019un sch\u00e9ma g\u00e9n\u00e9ral coh\u00e9rent et complet des circulations, incluant tous les modes de d\u00e9placements : automobiles, transports en commun, deux-roues motoris\u00e9es, v\u00e9los, pi\u00e9tons, sans oublier les PMR.<\/li><\/ul>\r\n\r\n\r\n\r\n<h4 class=\"wp-block-heading\">5- Rappel des engagements de la municipalit\u00e9 pour d\u00e9velopper les circulations douces \u00e0 Dinard <\/h4>\r\n\r\n\r\n\r\n<p>L\u2019association reconnait avec satisfaction la volont\u00e9 de la municipalit\u00e9 de favoriser et promouvoir les d\u00e9placements \u00e0 v\u00e9lo sur la ville. Cette volont\u00e9 s\u2019exprime : <\/p>\r\n\r\n\r\n\r\n<ul class=\"wp-block-list\"><li>dans le projet du plan local d\u2019urbanisme (PLU) qui se propose de \u00ab Repenser l\u2019organisation des d\u00e9placements dans la ville, notamment en d\u00e9veloppant les modes de circulation doux (v\u00e9lo, pi\u00e9tons \u2026)\u00bb.<\/li><li>dans le projet d\u2019am\u00e9nagement et de d\u00e9veloppement durables (PADD) en date du 26 mars 2018  \u00ab Organiser les entr\u00e9es de ville et les circulations, afin de mieux r\u00e9partir les flux en direction du centre ville \u2026 Il s\u2019agit de d\u00e9sengorger l\u2019axe Lib\u00e9ration\/F\u00e9art en proposant un rabattement progressif vers d\u2019autres itin\u00e9raires .. \u00bb.<\/li><li>dans les objectifs g\u00e9n\u00e9raux des orientations d\u2019am\u00e9nagement et de programmation (OAP) dont celui \u00ab d\u2019assurer une continuit\u00e9 du maillage pour les modes doux \u00bb et pour celui de l\u2019OAP du Centre-ville \u00ab d\u2019am\u00e9liorer les circulations douces (pi\u00e9tons et cycles) \u00bb. <\/li><\/ul>\r\n\r\n\r\n\r\n<p> <\/p>\r\n\r\n\r\n\r\n<p> <\/p>\r\n","protected":false},"excerpt":{"rendered":"<p>Suite \u00e0 la pr\u00e9sentation des travaux sur le boulevard F\u00e9art au cours de la r\u00e9union publique du 19 juin 2018 au Baln\u00e9um (voir lien suivant\u00a02018-06-19-Reunion-Publique-du-19-06-18), voici la proposition de l&rsquo;association r\u00e9sum\u00e9e dans le point presse et favorable \u00e0 une mise \u00e0 sens unique pour les voitures et un double sens cyclable pour les v\u00e9los. 1- [&hellip;]<\/p>\n","protected":false},"author":1,"featured_media":0,"comment_status":"open","ping_status":"open","sticky":false,"template":"","format":"standard","meta":{"_et_pb_use_builder":"","_et_pb_old_content":"","_et_gb_content_width":"","footnotes":""},"categories":[],"tags":[],"class_list":["post-71","post","type-post","status-publish","format-standard","hentry"],"_links":{"self":[{"href":"https:\/\/www.emeraude-velo.fr\/index.php\/wp-json\/wp\/v2\/posts\/71","targetHints":{"allow":["GET"]}}],"collection":[{"href":"https:\/\/www.emeraude-velo.fr\/index.php\/wp-json\/wp\/v2\/posts"}],"about":[{"href":"https:\/\/www.emeraude-velo.fr\/index.php\/wp-json\/wp\/v2\/types\/post"}],"author":[{"embeddable":true,"href":"https:\/\/www.emeraude-velo.fr\/index.php\/wp-json\/wp\/v2\/users\/1"}],"replies":[{"embeddable":true,"href":"https:\/\/www.emeraude-velo.fr\/index.php\/wp-json\/wp\/v2\/comments?post=71"}],"version-history":[{"count":0,"href":"https:\/\/www.emeraude-velo.fr\/index.php\/wp-json\/wp\/v2\/posts\/71\/revisions"}],"wp:attachment":[{"href":"https:\/\/www.emeraude-velo.fr\/index.php\/wp-json\/wp\/v2\/media?parent=71"}],"wp:term":[{"taxonomy":"category","embeddable":true,"href":"https:\/\/www.emeraude-velo.fr\/index.php\/wp-json\/wp\/v2\/categories?post=71"},{"taxonomy":"post_tag","embeddable":true,"href":"https:\/\/www.emeraude-velo.fr\/index.php\/wp-json\/wp\/v2\/tags?post=71"}],"curies":[{"name":"wp","href":"https:\/\/api.w.org\/{rel}","templated":true}]}}