{"id":84,"date":"2018-12-11T19:19:29","date_gmt":"2018-12-11T18:19:29","guid":{"rendered":"http:\/\/vps568461.ovh.net\/?p=168"},"modified":"2018-12-12T10:49:46","modified_gmt":"2018-12-12T09:49:46","slug":"enquete-publique-plu","status":"publish","type":"post","link":"https:\/\/www.emeraude-velo.fr\/index.php\/2018\/12\/11\/enquete-publique-plu\/","title":{"rendered":"Enqu\u00eate publique PLU"},"content":{"rendered":"\r\n<p>La contribution de notre association \u00e0 l\u2019enqu\u00eate publique sur le projet de Plan local d\u2019urbanisme a le m\u00e9rite de pr\u00e9ciser l\u2019orientation qui guidera dans le futur nos propositions concernant :<\/p>\r\n\r\n\r\n\r\n<ul class=\"wp-block-list\"><li>le r\u00e9seau cyclable sur Dinard<\/li><li>la coh\u00e9rence avec le sch\u00e9ma cyclable des communes riveraines<\/li><li>l\u2019entretien et l\u2019am\u00e9lioration des am\u00e9nagements cyclables existants sur Dinard<\/li><\/ul>\r\n\r\n\r\n\r\n<div class=\"wp-block-file\"><a href=\"http:\/\/vps568461.ovh.net\/wp-content\/uploads\/2018\/12\/lettrePLU_20180808.pdf\">lettrePLU<\/a><a href=\"http:\/\/vps568461.ovh.net\/wp-content\/uploads\/2018\/12\/lettrePLU_20180808.pdf\" class=\"wp-block-file__button\" download>T\u00e9l\u00e9charger<\/a><\/div>\r\n","protected":false},"excerpt":{"rendered":"<p>La contribution de notre association \u00e0 l\u2019enqu\u00eate publique sur le projet de Plan local d\u2019urbanisme a le m\u00e9rite de pr\u00e9ciser l\u2019orientation qui guidera dans le futur nos propositions concernant : le r\u00e9seau cyclable sur Dinard la coh\u00e9rence avec le sch\u00e9ma cyclable des communes riveraines l\u2019entretien et l\u2019am\u00e9lioration des am\u00e9nagements cyclables existants sur Dinard<\/p>\n","protected":false},"author":1,"featured_media":0,"comment_status":"open","ping_status":"open","sticky":false,"template":"","format":"standard","meta":{"_et_pb_use_builder":"","_et_pb_old_content":"","_et_gb_content_width":"","footnotes":""},"categories":[],"tags":[],"class_list":["post-84","post","type-post","status-publish","format-standard","hentry"],"_links":{"self":[{"href":"https:\/\/www.emeraude-velo.fr\/index.php\/wp-json\/wp\/v2\/posts\/84","targetHints":{"allow":["GET"]}}],"collection":[{"href":"https:\/\/www.emeraude-velo.fr\/index.php\/wp-json\/wp\/v2\/posts"}],"about":[{"href":"https:\/\/www.emeraude-velo.fr\/index.php\/wp-json\/wp\/v2\/types\/post"}],"author":[{"embeddable":true,"href":"https:\/\/www.emeraude-velo.fr\/index.php\/wp-json\/wp\/v2\/users\/1"}],"replies":[{"embeddable":true,"href":"https:\/\/www.emeraude-velo.fr\/index.php\/wp-json\/wp\/v2\/comments?post=84"}],"version-history":[{"count":0,"href":"https:\/\/www.emeraude-velo.fr\/index.php\/wp-json\/wp\/v2\/posts\/84\/revisions"}],"wp:attachment":[{"href":"https:\/\/www.emeraude-velo.fr\/index.php\/wp-json\/wp\/v2\/media?parent=84"}],"wp:term":[{"taxonomy":"category","embeddable":true,"href":"https:\/\/www.emeraude-velo.fr\/index.php\/wp-json\/wp\/v2\/categories?post=84"},{"taxonomy":"post_tag","embeddable":true,"href":"https:\/\/www.emeraude-velo.fr\/index.php\/wp-json\/wp\/v2\/tags?post=84"}],"curies":[{"name":"wp","href":"https:\/\/api.w.org\/{rel}","templated":true}]}}